{"id":211747,"date":"2025-04-12T13:37:35","date_gmt":"2025-04-12T13:37:35","guid":{"rendered":"https:\/\/poletniteden.com\/?p=211747"},"modified":"2025-04-13T04:12:32","modified_gmt":"2025-04-13T04:12:32","slug":"ucus-tarihinde-donum-noktasi-havaciliktaki-tarihi-basarilar","status":"publish","type":"post","link":"https:\/\/poletniteden.com\/index.php\/2025\/04\/12\/ucus-tarihinde-donum-noktasi-havaciliktaki-tarihi-basarilar\/","title":{"rendered":"U\u00e7u\u015f Tarihinde D\u00f6n\u00fcm Noktas\u0131: Havac\u0131l\u0131ktaki Tarihi Ba\u015far\u0131lar"},"content":{"rendered":"<p><html><body><\/p>\n<h1>U\u00e7u\u015f Tarihinde D\u00f6n\u00fcm Noktas\u0131: Havac\u0131l\u0131ktaki Tarihi Ba\u015far\u0131lar<\/h1>\n<p>Y\u00fczy\u0131llard\u0131r hayalini kurdu\u011fumuz g\u00f6ky\u00fcz\u00fc yolculu\u011funun tarihi, devrim niteli\u011findeki ba\u015far\u0131larla doludur. Bu makalede, havac\u0131l\u0131\u011f\u0131n geli\u015fiminde \u00f6nemli rol oynayan tarihi anlar\u0131 inceleyece\u011fiz. \u0130nsanl\u0131\u011f\u0131n u\u00e7ma hayalinden, modern hava ta\u015f\u0131tlar\u0131n\u0131n tasar\u0131m\u0131na kadar pek \u00e7ok devrim niteli\u011finde icat ve ba\u015far\u0131dan bahsedece\u011fiz. Bu yaz\u0131, havac\u0131l\u0131\u011f\u0131n kilometre ta\u015flar\u0131n\u0131, bu alanda yap\u0131lan en \u00f6nemli bulu\u015flar\u0131 ve bu ba\u015far\u0131lar\u0131n nas\u0131l ger\u00e7ekle\u015ftirildi\u011fini kapsaml\u0131 bir \u015fekilde ele alacakt\u0131r.<\/p>\n<h2>Wright Karde\u015fler ve \u0130lk U\u00e7u\u015f<\/h2>\n<p>Wright Karde\u015fler, havac\u0131l\u0131ktaki en \u00f6nemli devrimlerden birini ger\u00e7ekle\u015ftirmi\u015flerdir. 17 Aral\u0131k 1903 tarihinde, Wilbur ve Orville Wright, tarihteki ilk kontroll\u00fc g\u00fc\u00e7lendirilmi\u015f u\u00e7u\u015fu ger\u00e7ekle\u015ftirdiler. Bu u\u00e7u\u015f, yaln\u0131zca 12 saniye s\u00fcrd\u00fc ve 120 fit boyunca devam etti. Ancak bu k\u0131sa s\u00fcreli ve mesafeli u\u00e7u\u015f, havac\u0131l\u0131k tarihinde bir d\u00f6n\u00fcm noktas\u0131 oldu.<\/p>\n<p>Wright Karde\u015fler, u\u00e7aklar\u0131n\u0131n ba\u015far\u0131l\u0131 olabilmesi i\u00e7in a\u015fa\u011f\u0131daki konularda yenilik\u00e7i yakla\u015f\u0131mlar geli\u015ftirdiler:<\/p>\n<ol>\n<li>Aerodinamik yap\u0131<\/li>\n<li>Pilot kontrol sistemleri<\/li>\n<li>G\u00fc\u00e7l\u00fc ve hafif motorlar<\/li>\n<li>R\u00fczgar t\u00fcneli deneyleri<\/li>\n<\/ol>\n<p>Bu \u00f6zg\u00fcn \u00e7\u00f6z\u00fcmler, onlar\u0131n ba\u015far\u0131ya ula\u015fmalar\u0131n\u0131 sa\u011flad\u0131 ve modern havac\u0131l\u0131\u011f\u0131n temellerini att\u0131.<\/p>\n<h2>Atlantik Okyanusu&#8217;nu Ge\u00e7en \u0130lk U\u00e7u\u015f<\/h2>\n<p>\u00c7\u0131\u011f\u0131r a\u00e7\u0131c\u0131 bir di\u011fer ba\u015far\u0131, Charles Lindbergh&#8217;in 1927 y\u0131l\u0131nda Atlantik Okyanusu&#8217;nu tek seferde ge\u00e7mesidir. &#8216;Spirit of St. Louis&#8217; adl\u0131 u\u00e7a\u011f\u0131yla New York&#8217;tan Paris&#8217;e yakla\u015f\u0131k 33,5 saat s\u00fcren solo u\u00e7u\u015fu, uluslararas\u0131 d\u00fczeyde b\u00fcy\u00fck bir yank\u0131 uyand\u0131rd\u0131. Lindbergh&#8217;in bu ba\u015far\u0131s\u0131, d\u00fcnya \u00e7ap\u0131nda havac\u0131l\u0131\u011fa olan ilgiyi art\u0131rd\u0131 ve transatlantik u\u00e7u\u015flar i\u00e7in yeni bir kap\u0131 aralad\u0131.<\/p>\n<p>Lindbergh&#8217;in ba\u015far\u0131s\u0131n\u0131n ard\u0131ndan, pek \u00e7ok havac\u0131 ve m\u00fchendis daha uzun mesafeli u\u00e7u\u015flar i\u00e7in harekete ge\u00e7ti ve bu geli\u015fmelerle birlikte havayolu ta\u015f\u0131mac\u0131l\u0131\u011f\u0131 h\u0131zla yayg\u0131nla\u015ft\u0131 <a href=\"https:\/\/aviatorcasinos.vip\/\">Aviator<\/a>.<\/p>\n<h3>Ses Duvar\u0131n\u0131 A\u015fan U\u00e7ak: Bell X-1<\/h3>\n<p>1947 y\u0131l\u0131nda Chuck Yeager, Bell X-1 u\u00e7a\u011f\u0131 ile ses h\u0131z\u0131n\u0131 a\u015farak tarihte bir ilki ger\u00e7ekle\u015ftirdi. Ses h\u0131z\u0131n\u0131n a\u015f\u0131lmas\u0131, havac\u0131l\u0131k tarihinde \u00f6nemli bir teknolojik geli\u015fme olarak kabul edilir. Bu ba\u015far\u0131, askeri ve sivil havac\u0131l\u0131kta daha h\u0131zl\u0131 ve verimli u\u00e7aklar\u0131n geli\u015ftirilmesine zemin haz\u0131rlad\u0131. Ses h\u0131z\u0131n\u0131 a\u015fan u\u00e7aklar, jet motorlar\u0131n\u0131n geli\u015ftirilmesini de h\u0131zland\u0131rm\u0131\u015ft\u0131r.<\/p>\n<p>Yeager&#8217;in u\u00e7a\u011f\u0131 Bell X-1, \u00f6zel tasar\u0131m\u0131 ve g\u00fc\u00e7l\u00fc motoru sayesinde bu ba\u015far\u0131l\u0131 u\u00e7u\u015fu ger\u00e7ekle\u015ftirebilmi\u015ftir.<\/p>\n<h2>\u0130lk Ticari Jet U\u00e7a\u011f\u0131: De Havilland Comet<\/h2>\n<p>1952 y\u0131l\u0131nda hizmete giren De Havilland Comet, d\u00fcnyan\u0131n ilk ticari jet u\u00e7a\u011f\u0131 olarak bilinmektedir. Bu u\u00e7ak, y\u00fcksek h\u0131z ve yak\u0131t verimlili\u011fi ile yeni bir d\u00f6nemin ba\u015flang\u0131c\u0131 olmu\u015f, havayolu seyahati daha eri\u015filebilir ve pop\u00fcler hale gelmi\u015ftir. Comet, havac\u0131l\u0131k end\u00fcstrisini etkileyen m\u00fchim yenilikleri beraberinde getirmi\u015ftir.<\/p>\n<p>Jet motorlar\u0131n\u0131n ticari u\u00e7aklarda kullan\u0131lmas\u0131, seyahat s\u00fcrelerini k\u0131saltm\u0131\u015f ve d\u00fcnyan\u0131n ta\u015f\u0131mac\u0131l\u0131k dinamiklerini k\u00f6kten de\u011fi\u015ftirmi\u015ftir.<\/p>\n<h2>Ay&#8217;a \u0130ni\u015f ve Uzay \u00c7a\u011f\u0131n\u0131n Ba\u015flang\u0131c\u0131<\/h2>\n<p>Havac\u0131l\u0131\u011f\u0131n yaln\u0131zca D\u00fcnya \u00fczerindeki u\u00e7u\u015flarla s\u0131n\u0131rl\u0131 olmad\u0131\u011f\u0131n\u0131 g\u00f6steren en \u00e7arp\u0131c\u0131 ba\u015far\u0131, Ay&#8217;a ini\u015fle g\u00f6zler \u00f6n\u00fcne serilmi\u015fti. 1969 y\u0131l\u0131nda Apollo 11 misyonu ile Neil Armstrong&#8217;un Ay&#8217;a ayak basmas\u0131, uzay \u00e7a\u011f\u0131n\u0131n ba\u015flang\u0131c\u0131n\u0131 simgeledi. Havac\u0131l\u0131\u011f\u0131n uzaya yay\u0131lmas\u0131yla yeni ufuklar belirlenmi\u015f ve insanl\u0131\u011f\u0131n uzayda daha ileriye gitmesi i\u00e7in zemin olu\u015fturulmu\u015ftur.<\/p>\n<p>Apollo 11 misyonu, havac\u0131l\u0131\u011f\u0131n ne denli ileriye g\u00f6t\u00fcr\u00fclebilece\u011fini g\u00f6stermi\u015f ve bug\u00fcne kadar s\u00fcrd\u00fcr\u00fclen say\u0131s\u0131z uzay g\u00f6revine ilham kayna\u011f\u0131 olmu\u015ftur.<\/p>\n<h2>Sonu\u00e7<\/h2>\n<p>Havac\u0131l\u0131k tarihi, insanl\u0131\u011f\u0131n s\u0131n\u0131rlar\u0131n\u0131 zorlayan inan\u0131lmaz ba\u015far\u0131larla dolu bir yolculuktur. Bu tarihi anlar, g\u00f6ky\u00fcz\u00fcn\u00fc fethetme iste\u011finin ve teknolojik geli\u015fmelerin ne denli etkili olabilece\u011finin kan\u0131t\u0131d\u0131r. Wright Karde\u015fler&#8217;in ilk u\u00e7u\u015fundan Apollo&#8217;nun Ay&#8217;a ini\u015fine kadar, her bir ad\u0131m havac\u0131l\u0131\u011f\u0131 bug\u00fcnk\u00fc seviyesine getiren mihenk ta\u015flar\u0131d\u0131r. Gelecek nesiller, bu tarihsel ba\u015far\u0131lar sayesinde yeni ufuklara yelken a\u00e7abilecektir.<\/p>\n<h2>SSS<\/h2>\n<ul>\n<li><strong>\u0130lk u\u00e7u\u015f ne zaman ger\u00e7ekle\u015ftirildi?<\/strong><br \/>  \u0130lk kontroll\u00fc g\u00fc\u00e7lendirilmi\u015f u\u00e7u\u015f, 17 Aral\u0131k 1903 tarihinde Wright Karde\u015fler taraf\u0131ndan Kuzey Carolina&#8217;da ger\u00e7ekle\u015ftirildi.<\/li>\n<li><strong>Ses h\u0131z\u0131n\u0131 ilk kim a\u015ft\u0131?<\/strong><br \/>  Ses h\u0131z\u0131n\u0131 ilk a\u015fan ki\u015fi, 1947&#8217;de Chuck Yeager&#8217;dir. Bell X-1 u\u00e7a\u011f\u0131 ile bu ba\u015far\u0131ya ula\u015fm\u0131\u015ft\u0131r.<\/li>\n<li><strong>\u0130lk ticari jet u\u00e7a\u011f\u0131 hangisidir?<\/strong><br \/>  \u0130lk ticari jet u\u00e7a\u011f\u0131 De Havilland Comet&#8217;tir ve 1952 y\u0131l\u0131nda kullan\u0131lmaya ba\u015flanm\u0131\u015ft\u0131r.<\/li>\n<li><strong>Charles Lindbergh&#8217;in u\u00e7u\u015f s\u00fcresi ne kadard\u0131?<\/strong><br \/>  Charles Lindbergh, Atlantik Okyanusu&#8217;nu ge\u00e7erken 33,5 saatini havada ge\u00e7irdi.<\/li>\n<li><strong>Ay&#8217;a ilk kim ayak bast\u0131?<\/strong><br \/>  Ay&#8217;a ilk ayak basan ki\u015fi, 1969 y\u0131l\u0131nda Apollo 11 misyonu ile Neil Armstrong&#8217;dur.<\/li>\n<\/ul>\n<p><\/body><\/html><\/p>\n","protected":false},"excerpt":{"rendered":"<p>U\u00e7u\u015f Tarihinde D\u00f6n\u00fcm Noktas\u0131: Havac\u0131l\u0131ktaki Tarihi Ba\u015far\u0131lar Y\u00fczy\u0131llard\u0131r hayalini kurdu\u011fumuz g\u00f6ky\u00fcz\u00fc yolculu\u011funun tarihi, devrim niteli\u011findeki ba\u015far\u0131larla doludur. Bu makalede, havac\u0131l\u0131\u011f\u0131n geli\u015fiminde \u00f6nemli rol oynayan tarihi anlar\u0131 inceleyece\u011fiz. \u0130nsanl\u0131\u011f\u0131n u\u00e7ma hayalinden, modern hava ta\u015f\u0131tlar\u0131n\u0131n tasar\u0131m\u0131na kadar pek \u00e7ok devrim niteli\u011finde icat ve ba\u015far\u0131dan bahsedece\u011fiz. Bu yaz\u0131, havac\u0131l\u0131\u011f\u0131n kilometre ta\u015flar\u0131n\u0131, bu alanda yap\u0131lan en \u00f6nemli bulu\u015flar\u0131 ve [&hellip;]<\/p>\n","protected":false},"author":2,"featured_media":0,"comment_status":"closed","ping_status":"open","sticky":false,"template":"","format":"standard","meta":{"_et_pb_use_builder":"","_et_pb_old_content":"","_et_gb_content_width":"","footnotes":""},"categories":[1],"tags":[],"_links":{"self":[{"href":"https:\/\/poletniteden.com\/index.php\/wp-json\/wp\/v2\/posts\/211747"}],"collection":[{"href":"https:\/\/poletniteden.com\/index.php\/wp-json\/wp\/v2\/posts"}],"about":[{"href":"https:\/\/poletniteden.com\/index.php\/wp-json\/wp\/v2\/types\/post"}],"author":[{"embeddable":true,"href":"https:\/\/poletniteden.com\/index.php\/wp-json\/wp\/v2\/users\/2"}],"replies":[{"embeddable":true,"href":"https:\/\/poletniteden.com\/index.php\/wp-json\/wp\/v2\/comments?post=211747"}],"version-history":[{"count":1,"href":"https:\/\/poletniteden.com\/index.php\/wp-json\/wp\/v2\/posts\/211747\/revisions"}],"predecessor-version":[{"id":211748,"href":"https:\/\/poletniteden.com\/index.php\/wp-json\/wp\/v2\/posts\/211747\/revisions\/211748"}],"wp:attachment":[{"href":"https:\/\/poletniteden.com\/index.php\/wp-json\/wp\/v2\/media?parent=211747"}],"wp:term":[{"taxonomy":"category","embeddable":true,"href":"https:\/\/poletniteden.com\/index.php\/wp-json\/wp\/v2\/categories?post=211747"},{"taxonomy":"post_tag","embeddable":true,"href":"https:\/\/poletniteden.com\/index.php\/wp-json\/wp\/v2\/tags?post=211747"}],"curies":[{"name":"wp","href":"https:\/\/api.w.org\/{rel}","templated":true}]}}